{"id":18472,"date":"2023-10-23T22:09:52","date_gmt":"2023-10-23T22:09:52","guid":{"rendered":"https:\/\/accs.international\/?p=18472"},"modified":"2024-02-20T19:47:49","modified_gmt":"2024-02-20T19:47:49","slug":"projets-integrateurs-la-cemac-en-vrp-a-oslo","status":"publish","type":"post","link":"https:\/\/accs.international\/?p=18472","title":{"rendered":"Projets int\u00e9grateurs : la Cemac en VRP \u00e0 Oslo"},"content":{"rendered":"\t\t<div data-elementor-type=\"wp-post\" data-elementor-id=\"18472\" class=\"elementor elementor-18472\" data-elementor-post-type=\"post\">\n\t\t\t\t<div class=\"elementor-element elementor-element-01d7dc7 e-flex e-con-boxed e-con e-parent\" data-id=\"01d7dc7\" data-element_type=\"container\" data-e-type=\"container\">\n\t\t\t\t\t<div class=\"e-con-inner\">\n\t\t\t\t<div class=\"elementor-element elementor-element-a003464 elementor-widget elementor-widget-text-editor\" data-id=\"a003464\" data-element_type=\"widget\" data-e-type=\"widget\" data-widget_type=\"text-editor.default\">\n\t\t\t\t<div class=\"elementor-widget-container\">\n\t\t\t\t\t\t\t\t\t<p><em>Jean Baptiste Ondaye (assis) et des membres de sa d\u00e9l\u00e9gation, le 19 octobre 2023 \u00e0 Oslo. \u00a9 D.R.<\/em><\/p>\t\t\t\t\t\t\t\t<\/div>\n\t\t\t\t<\/div>\n\t\t\t\t<div class=\"elementor-element elementor-element-75250c0 elementor-widget elementor-widget-text-editor\" data-id=\"75250c0\" data-element_type=\"widget\" data-e-type=\"widget\" data-widget_type=\"text-editor.default\">\n\t\t\t\t<div class=\"elementor-widget-container\">\n\t\t\t\t\t\t\t\t\t<p><b><i>Conduite par Jean Baptiste Ondaye, une d\u00e9l\u00e9gation de la Mission de haut niveau de la Cemac s\u2019est entretenue la semaine derni\u00e8re dans la capitale norv\u00e9gienne avec des patrons d\u2019institutions financi\u00e8res nordiques sur l\u2019int\u00e9r\u00eat de miser sur le deuxi\u00e8me programme des projets int\u00e9grateurs \u00e9labor\u00e9 par les \u00c9tats de l\u2019Afrique centrale qui fera l\u2019objet d\u2019une nouvelle table ronde \u00e0 Paris, en novembre prochain.<\/i><\/b><\/p>\t\t\t\t\t\t\t\t<\/div>\n\t\t\t\t<\/div>\n\t\t<div class=\"elementor-element elementor-element-6a1e661 e-flex e-con-boxed e-con e-child\" data-id=\"6a1e661\" data-element_type=\"container\" data-e-type=\"container\">\n\t\t\t\t\t<div class=\"e-con-inner\">\n\t\t\t\t<div class=\"elementor-element elementor-element-dd76f9a elementor-widget elementor-widget-text-editor\" data-id=\"dd76f9a\" data-element_type=\"widget\" data-e-type=\"widget\" data-widget_type=\"text-editor.default\">\n\t\t\t\t<div class=\"elementor-widget-container\">\n\t\t\t\t\t\t\t\t\t<p>Apr\u00e8s Paris, Bruxelles, Luxembourg et Duba\u00ef, c\u2019est Oslo qui a accueilli, jeudi 19 octobre, la Mission de haut niveau de la Cemac conduite par Jean Baptiste Ondaye, pr\u00e9sident du comit\u00e9 de pilotage du Programme des r\u00e9formes \u00e9conomiques et financi\u00e8res de la Cemac (Pref-Cemac). Pour cette deuxi\u00e8me sortie, il s\u2019est agi de pr\u00e9senter aux partenaires techniques et financiers ainsi qu\u2019aux bailleurs, le second programme de projets int\u00e9grateurs prioritaires de la sous-r\u00e9gion de l\u2019Afrique centrale, en pr\u00e9lude \u00e0 la table ronde pr\u00e9vue \u00e0 Paris les 28 et 29 novembre prochains. Dans la capitale norv\u00e9gienne, la d\u00e9l\u00e9gation a \u00e9chang\u00e9 avec les pr\u00e9sidents et directeurs g\u00e9n\u00e9raux des institutions financi\u00e8res nordiques. Le chef de la mission s\u2019est dit satisfait au terme des discussions.<\/p>\t\t\t\t\t\t\t\t<\/div>\n\t\t\t\t<\/div>\n\t\t\t\t\t<\/div>\n\t\t\t\t<\/div>\n\t\t\t\t\t<\/div>\n\t\t\t\t<\/div>\n\t\t<div class=\"elementor-element elementor-element-15a01f3 e-grid e-con-boxed e-con e-parent\" data-id=\"15a01f3\" data-element_type=\"container\" data-e-type=\"container\">\n\t\t\t\t\t<div class=\"e-con-inner\">\n\t\t\t\t<div class=\"elementor-element elementor-element-968ba35 elementor-widget elementor-widget-image\" data-id=\"968ba35\" data-element_type=\"widget\" data-e-type=\"widget\" data-widget_type=\"image.default\">\n\t\t\t\t<div class=\"elementor-widget-container\">\n\t\t\t\t\t\t\t\t\t\t\t\t<figure class=\"wp-caption\">\n\t\t\t\t\t\t\t\t\t\t<img fetchpriority=\"high\" decoding=\"async\" data-attachment-id=\"18475\" data-permalink=\"https:\/\/accs.international\/?attachment_id=18475\" data-orig-file=\"https:\/\/accs.international\/wp-content\/uploads\/2023\/11\/IMG-20231023-WA0010-533x400-1.jpg\" data-orig-size=\"533,400\" data-comments-opened=\"1\" data-image-meta=\"{&quot;aperture&quot;:&quot;0&quot;,&quot;credit&quot;:&quot;&quot;,&quot;camera&quot;:&quot;&quot;,&quot;caption&quot;:&quot;&quot;,&quot;created_timestamp&quot;:&quot;0&quot;,&quot;copyright&quot;:&quot;&quot;,&quot;focal_length&quot;:&quot;0&quot;,&quot;iso&quot;:&quot;0&quot;,&quot;shutter_speed&quot;:&quot;0&quot;,&quot;title&quot;:&quot;&quot;,&quot;orientation&quot;:&quot;0&quot;}\" data-image-title=\"IMG-20231023-WA0010-533&amp;#215;400\" data-image-description=\"\" data-image-caption=\"\" data-large-file=\"https:\/\/accs.international\/wp-content\/uploads\/2023\/11\/IMG-20231023-WA0010-533x400-1.jpg\" width=\"533\" height=\"400\" src=\"https:\/\/accs.international\/wp-content\/uploads\/2023\/11\/IMG-20231023-WA0010-533x400-1.jpg\" class=\"attachment-medium_large size-medium_large wp-image-18475\" alt=\"\" srcset=\"https:\/\/accs.international\/wp-content\/uploads\/2023\/11\/IMG-20231023-WA0010-533x400-1.jpg 533w, https:\/\/accs.international\/wp-content\/uploads\/2023\/11\/IMG-20231023-WA0010-533x400-1-300x225.jpg 300w, https:\/\/accs.international\/wp-content\/uploads\/2023\/11\/IMG-20231023-WA0010-533x400-1-420x315.jpg 420w, https:\/\/accs.international\/wp-content\/uploads\/2023\/11\/IMG-20231023-WA0010-533x400-1-315x236.jpg 315w\" sizes=\"(max-width: 533px) 100vw, 533px\" data-attachment-id=\"18475\" data-permalink=\"https:\/\/accs.international\/?attachment_id=18475\" data-orig-file=\"https:\/\/accs.international\/wp-content\/uploads\/2023\/11\/IMG-20231023-WA0010-533x400-1.jpg\" data-orig-size=\"533,400\" data-comments-opened=\"1\" data-image-meta=\"{&quot;aperture&quot;:&quot;0&quot;,&quot;credit&quot;:&quot;&quot;,&quot;camera&quot;:&quot;&quot;,&quot;caption&quot;:&quot;&quot;,&quot;created_timestamp&quot;:&quot;0&quot;,&quot;copyright&quot;:&quot;&quot;,&quot;focal_length&quot;:&quot;0&quot;,&quot;iso&quot;:&quot;0&quot;,&quot;shutter_speed&quot;:&quot;0&quot;,&quot;title&quot;:&quot;&quot;,&quot;orientation&quot;:&quot;0&quot;}\" data-image-title=\"IMG-20231023-WA0010-533&amp;#215;400\" data-image-description=\"\" data-image-caption=\"\" data-large-file=\"https:\/\/accs.international\/wp-content\/uploads\/2023\/11\/IMG-20231023-WA0010-533x400-1.jpg\" \/>\t\t\t\t\t\t\t\t\t\t\t<figcaption class=\"widget-image-caption wp-caption-text\">Moment des travaux. \u00a9 D.R.<\/figcaption>\n\t\t\t\t\t\t\t\t\t\t<\/figure>\n\t\t\t\t\t\t\t\t\t<\/div>\n\t\t\t\t<\/div>\n\t\t\t\t<div class=\"elementor-element elementor-element-936d388 elementor-widget elementor-widget-text-editor\" data-id=\"936d388\" data-element_type=\"widget\" data-e-type=\"widget\" data-widget_type=\"text-editor.default\">\n\t\t\t\t<div class=\"elementor-widget-container\">\n\t\t\t\t\t\t\t\t\t<p><i>\u00abNos \u00e9changes nous ont permis de passer en revue, dans le d\u00e9tail, les 13 projets int\u00e9grateurs prioritaires qui seront pr\u00e9sent\u00e9s \u00e0 la table ronde de Paris. [\u2026] Ces projets int\u00e9grateurs sont d\u2019une grande importance pour le d\u00e9veloppement \u00e9conomique et social de notre sous-r\u00e9gion d\u2019Afrique centrale. Il s\u2019agit de renforcer les bases du d\u00e9veloppement durable et de la croissance verte au b\u00e9n\u00e9fice des populations de la Cemac. Nos \u00e9changes ont \u00e9galement permis de vous rendre compte du soin particulier que nous avons mis pour le choix de ces diff\u00e9rents projets. En effet, il s\u2019agit des projets matures qui ont \u00e9t\u00e9 s\u00e9lectionn\u00e9s sur la base des meilleures pratiques internationales\u00bb<\/i>, a d\u00e9clar\u00e9 Jean Baptiste Ondaye, par ailleurs ministre congolais de l\u2019\u00c9conomie et des Finances et pr\u00e9sident du comit\u00e9 minist\u00e9riel de l\u2019Umac.<\/p>\t\t\t\t\t\t\t\t<\/div>\n\t\t\t\t<\/div>\n\t\t\t\t\t<\/div>\n\t\t\t\t<\/div>\n\t\t<div class=\"elementor-element elementor-element-cad963e e-flex e-con-boxed e-con e-parent\" data-id=\"cad963e\" data-element_type=\"container\" data-e-type=\"container\">\n\t\t\t\t\t<div class=\"e-con-inner\">\n\t\t\t\t<div class=\"elementor-element elementor-element-f04c492 elementor-widget elementor-widget-text-editor\" data-id=\"f04c492\" data-element_type=\"widget\" data-e-type=\"widget\" data-widget_type=\"text-editor.default\">\n\t\t\t\t<div class=\"elementor-widget-container\">\n\t\t\t\t\t\t\t\t\t<p>\u00c0 un peu plus d\u2019un mois du rendez-vous de la capitale fran\u00e7aise, plusieurs institutions internationales et multilat\u00e9rales, dont le FMI, la Banque mondiale, la BAD, l\u2019Union europ\u00e9enne, la Banque europ\u00e9enne d\u2019investissement, l\u2019AFD et le patronat islamique ont d\u2019ores et d\u00e9j\u00e0 manifest\u00e9 leur int\u00e9r\u00eat pour le financement de ce deuxi\u00e8me programme de projets int\u00e9grateurs. Le soutien des \u00c9tats, institutions financi\u00e8res et multinationales nordiques n\u2019est pas moins attendu par la Cemac, notamment dans le domaine du d\u00e9veloppement des infrastructures de transport et des \u00e9nergies renouvelables vertueuses, le changement climatique, la s\u00e9curit\u00e9 alimentaire, la gestion durable des \u00e9cosyst\u00e8mes et la conservation de la biodiversit\u00e9, le d\u00e9veloppement durable, la promotion du secteur priv\u00e9, l\u2019\u00e9galit\u00e9 des genres, la bonne gouvernance et les droits humains.<\/p>\t\t\t\t\t\t\t\t<\/div>\n\t\t\t\t<\/div>\n\t\t\t\t\t<\/div>\n\t\t\t\t<\/div>\n\t\t\t\t<\/div>\n\t\t","protected":false},"excerpt":{"rendered":"<p>Jean Baptiste Ondaye (assis) et des membres de sa d\u00e9l\u00e9gation, le 19 octobre 2023 \u00e0 Oslo. \u00a9 D.R. Conduite par Jean Baptiste Ondaye, une d\u00e9l\u00e9gation de la Mission de haut niveau de la Cemac s\u2019est entretenue la semaine derni\u00e8re dans la capitale norv\u00e9gienne avec des patrons d\u2019institutions financi\u00e8res nordiques sur l\u2019int\u00e9r\u00eat de miser sur le&#8230;<\/p>\n","protected":false},"author":3,"featured_media":18474,"comment_status":"open","ping_status":"open","sticky":false,"template":"","format":"standard","meta":{"inline_featured_image":false,"_jetpack_memberships_contains_paid_content":false,"footnotes":""},"categories":[16,1],"tags":[],"class_list":["post-18472","post","type-post","status-publish","format-standard","has-post-thumbnail","hentry","category-partnership","category-uncategorized"],"jetpack_featured_media_url":"https:\/\/accs.international\/wp-content\/uploads\/2023\/11\/IMG-20231023-WA0002-640x480-1.jpg","jetpack_sharing_enabled":true,"_links":{"self":[{"href":"https:\/\/accs.international\/index.php?rest_route=\/wp\/v2\/posts\/18472","targetHints":{"allow":["GET"]}}],"collection":[{"href":"https:\/\/accs.international\/index.php?rest_route=\/wp\/v2\/posts"}],"about":[{"href":"https:\/\/accs.international\/index.php?rest_route=\/wp\/v2\/types\/post"}],"author":[{"embeddable":true,"href":"https:\/\/accs.international\/index.php?rest_route=\/wp\/v2\/users\/3"}],"replies":[{"embeddable":true,"href":"https:\/\/accs.international\/index.php?rest_route=%2Fwp%2Fv2%2Fcomments&post=18472"}],"version-history":[{"count":10,"href":"https:\/\/accs.international\/index.php?rest_route=\/wp\/v2\/posts\/18472\/revisions"}],"predecessor-version":[{"id":19028,"href":"https:\/\/accs.international\/index.php?rest_route=\/wp\/v2\/posts\/18472\/revisions\/19028"}],"wp:featuredmedia":[{"embeddable":true,"href":"https:\/\/accs.international\/index.php?rest_route=\/wp\/v2\/media\/18474"}],"wp:attachment":[{"href":"https:\/\/accs.international\/index.php?rest_route=%2Fwp%2Fv2%2Fmedia&parent=18472"}],"wp:term":[{"taxonomy":"category","embeddable":true,"href":"https:\/\/accs.international\/index.php?rest_route=%2Fwp%2Fv2%2Fcategories&post=18472"},{"taxonomy":"post_tag","embeddable":true,"href":"https:\/\/accs.international\/index.php?rest_route=%2Fwp%2Fv2%2Ftags&post=18472"}],"curies":[{"name":"wp","href":"https:\/\/api.w.org\/{rel}","templated":true}]}}