{"id":19251,"date":"2025-09-15T12:26:56","date_gmt":"2025-09-15T12:26:56","guid":{"rendered":"https:\/\/accs.international\/?p=19251"},"modified":"2025-09-19T13:55:13","modified_gmt":"2025-09-19T13:55:13","slug":"elementor-19251","status":"publish","type":"post","link":"https:\/\/accs.international\/?p=19251","title":{"rendered":"Signature d\u2019un accord strat\u00e9gique entre le FSA et l\u2019EIFO"},"content":{"rendered":"\t\t<div data-elementor-type=\"wp-post\" data-elementor-id=\"19251\" class=\"elementor elementor-19251\" data-elementor-post-type=\"post\">\n\t\t\t\t<div class=\"elementor-element elementor-element-74cddc8 e-flex e-con-boxed e-con e-parent\" data-id=\"74cddc8\" data-element_type=\"container\" data-e-type=\"container\">\n\t\t\t\t\t<div class=\"e-con-inner\">\n\t\t\t\t<div class=\"elementor-element elementor-element-ebfc62c elementor-blockquote--skin-boxed elementor-blockquote--button-color-official elementor-widget elementor-widget-blockquote\" data-id=\"ebfc62c\" data-element_type=\"widget\" data-e-type=\"widget\" data-widget_type=\"blockquote.default\">\n\t\t\t\t<div class=\"elementor-widget-container\">\n\t\t\t\t\t\t\t<blockquote class=\"elementor-blockquote\">\n\t\t\t<p class=\"elementor-blockquote__content\">\n\t\t\t\tUne c\u00e9r\u00e9monie officielle s\u2019est d\u00e9roul\u00e9e lundi au minist\u00e8re de l\u2019\u00c9conomie et des Finances \u00e0 Lom\u00e9, consacrant la signature d\u2019un accord-cadre majeur entre le Fonds de Solidarit\u00e9 Africain (FSA) et le Fonds Danois pour l\u2019Exportation et l\u2019Investissement (EIFO).\t\t\t<\/p>\n\t\t\t\t\t<\/blockquote>\n\t\t\t\t\t\t<\/div>\n\t\t\t\t<\/div>\n\t\t\t\t\t<\/div>\n\t\t\t\t<\/div>\n\t\t<div class=\"elementor-element elementor-element-54d76da e-flex e-con-boxed e-con e-parent\" data-id=\"54d76da\" data-element_type=\"container\" data-e-type=\"container\">\n\t\t\t\t\t<div class=\"e-con-inner\">\n\t\t\t\t<div class=\"elementor-element elementor-element-5abe39d elementor-widget elementor-widget-text-editor\" data-id=\"5abe39d\" data-element_type=\"widget\" data-e-type=\"widget\" data-widget_type=\"text-editor.default\">\n\t\t\t\t<div class=\"elementor-widget-container\">\n\t\t\t\t\t\t\t\t\t<p class=\"\">Une c\u00e9r\u00e9monie officielle s\u2019est d\u00e9roul\u00e9e lundi au minist\u00e8re de l\u2019\u00c9conomie et des Finances \u00e0 Lom\u00e9, consacrant la signature d\u2019un accord-cadre majeur entre le Fonds de Solidarit\u00e9 Africain (<a href=\"https:\/\/www.fondsolidariteafricain.org\/\"><strong>FSA<\/strong><\/a>) et le Fonds Danois pour l\u2019Exportation et l\u2019Investissement (<a href=\"https:\/\/www.eifo.dk\/\"><strong>EIFO<\/strong><\/a>).<\/p>\n<p class=\"\">Cet acte marque une \u00e9tape importante dans la consolidation de la coop\u00e9ration financi\u00e8re internationale au service du d\u00e9veloppement durable en Afrique.<\/p>\n<p class=\"\">Le protocole d\u2019accord scelle une alliance strat\u00e9gique entre deux institutions de premier plan.<\/p>\n<p class=\"\">Il vise \u00e0 mobiliser des ressources financi\u00e8res et techniques afin de soutenir des projets structurants dans 23 \u00c9tats membres du FSA, autour de priorit\u00e9s cruciales :<\/p>\n<ul class=\"\">\n<li>les \u00e9nergies renouvelables,<\/li>\n<li>les infrastructures durables,<\/li>\n<li>l\u2019agriculture r\u00e9siliente,<\/li>\n<li>la gestion de l\u2019eau,<\/li>\n<li>la sant\u00e9,<\/li>\n<li>et les entreprises sociales.<\/li>\n<\/ul>\n<p class=\"\">Le FSA mettra \u00e0 profit son ancrage r\u00e9gional et sa fine connaissance des \u00e9cosyst\u00e8mes africains pour identifier et promouvoir des projets viables. L\u2019EIFO, bras financier du gouvernement danois, apportera quant \u00e0 lui l\u2019expertise technologique des entreprises danoises, reconnues mondialement dans les domaines des technologies vertes, ainsi que des solutions innovantes de financement.<\/p>\n<p class=\"\">L\u2019accord introduit plusieurs m\u00e9canismes de collaboration :<\/p>\n<ul class=\"\">\n<li>identification conjointe de projets \u00e9ligibles,<\/li>\n<li>promotion d\u2019entreprises danoises aupr\u00e8s des \u00c9tats africains,<\/li>\n<li>financement direct avec garanties du FSA,<\/li>\n<li>contre-garanties de l\u2019EIFO pour s\u00e9curiser davantage les investissements.<\/li>\n<\/ul>\n<p class=\"\">Lors de son allocution, le secr\u00e9taire g\u00e9n\u00e9ral du minist\u00e8re de l\u2019Economie et des Finances,\u00a0<\/p>\n<p class=\"\">St\u00e9phane Tchasso Kpowbie Akaya, qui repr\u00e9sentait le ministre, a salu\u00e9 \u00ab une opportunit\u00e9 formidable pour l\u2019ensemble des \u00c9tats membres et une \u00e9tape cruciale dans la qu\u00eate d\u2019investissements durables et innovants \u00bb.<\/p>\n<p class=\"\">De son c\u00f4t\u00e9, Werner Grub, directeur g\u00e9n\u00e9ral de l\u2019EIFO, a d\u00e9clar\u00e9 :\u00ab Cet accord cadre parfaitement avec notre mission : soutenir la transition verte tout en permettant aux entreprises danoises de contribuer de mani\u00e8re significative au d\u00e9veloppement durable de l\u2019Afrique. \u00bb<\/p>\n<p class=\"is-in-viewport\">Quant \u00e0 Abdourahmane Diallo, directeur g\u00e9n\u00e9ral du FSA, il a soulign\u00e9 : \u00ab Ce partenariat marque un tournant. Il diversifie nos instruments financiers et facilite l\u2019acc\u00e8s de nos \u00c9tats membres \u00e0 des technologies et financements de pointe. C\u2019est une preuve de la confiance internationale envers le mod\u00e8le du FSA. \u00bb<\/p>\n<p class=\"is-in-viewport\"><strong>Une dynamique d\u00e9j\u00e0 enclench\u00e9e<\/strong><\/p>\n<p class=\"is-in-viewport\">Les \u00e9quipes techniques du FSA et de l\u2019EIFO entameront sans d\u00e9lai l\u2019identification et l\u2019\u00e9valuation de projets pilotes, destin\u00e9s \u00e0 d\u00e9montrer rapidement l\u2019efficacit\u00e9 de cette alliance.<\/p>\n<p class=\"is-in-viewport\">Avec cette signature, Lom\u00e9 s\u2019affirme une fois encore comme un p\u00f4le r\u00e9gional de r\u00e9f\u00e9rence pour les initiatives financi\u00e8res et de d\u00e9veloppement durable, renfor\u00e7ant ainsi le r\u00f4le du Togo dans la transformation \u00e9conomique et \u00e9cologique du continent africain.<\/p>\n<p class=\"is-in-viewport\">EIFO est la banque nationale de promotion et l\u2019agence de cr\u00e9dit \u00e0 l\u2019exportation du Danemark. Elle propose des solutions financi\u00e8res pour soutenir les exportations et les investissements internationaux des entreprises danoises.\u00a0<\/p>\t\t\t\t\t\t\t\t<\/div>\n\t\t\t\t<\/div>\n\t\t\t\t\t<\/div>\n\t\t\t\t<\/div>\n\t\t\t\t<\/div>\n\t\t","protected":false},"excerpt":{"rendered":"<p>Une c\u00e9r\u00e9monie officielle s\u2019est d\u00e9roul\u00e9e lundi au minist\u00e8re de l\u2019\u00c9conomie et des Finances \u00e0 Lom\u00e9, consacrant la signature d\u2019un accord-cadre majeur entre le Fonds de Solidarit\u00e9 Africain (FSA) et le Fonds Danois pour l\u2019Exportation et l\u2019Investissement (EIFO). Une c\u00e9r\u00e9monie officielle s\u2019est d\u00e9roul\u00e9e lundi au minist\u00e8re de l\u2019\u00c9conomie et des Finances \u00e0 Lom\u00e9, consacrant la signature&#8230;<\/p>\n","protected":false},"author":3,"featured_media":19243,"comment_status":"open","ping_status":"open","sticky":false,"template":"","format":"standard","meta":{"inline_featured_image":false,"_jetpack_memberships_contains_paid_content":false,"footnotes":""},"categories":[20,22,16],"tags":[],"class_list":["post-19251","post","type-post","status-publish","format-standard","has-post-thumbnail","hentry","category-financial","category-industrial","category-partnership"],"jetpack_featured_media_url":"https:\/\/accs.international\/wp-content\/uploads\/2025\/09\/WhatsApp-Image-2025-09-16-at-15.39.40_f32982f3.jpg","jetpack_sharing_enabled":true,"_links":{"self":[{"href":"https:\/\/accs.international\/index.php?rest_route=\/wp\/v2\/posts\/19251","targetHints":{"allow":["GET"]}}],"collection":[{"href":"https:\/\/accs.international\/index.php?rest_route=\/wp\/v2\/posts"}],"about":[{"href":"https:\/\/accs.international\/index.php?rest_route=\/wp\/v2\/types\/post"}],"author":[{"embeddable":true,"href":"https:\/\/accs.international\/index.php?rest_route=\/wp\/v2\/users\/3"}],"replies":[{"embeddable":true,"href":"https:\/\/accs.international\/index.php?rest_route=%2Fwp%2Fv2%2Fcomments&post=19251"}],"version-history":[{"count":11,"href":"https:\/\/accs.international\/index.php?rest_route=\/wp\/v2\/posts\/19251\/revisions"}],"predecessor-version":[{"id":19321,"href":"https:\/\/accs.international\/index.php?rest_route=\/wp\/v2\/posts\/19251\/revisions\/19321"}],"wp:featuredmedia":[{"embeddable":true,"href":"https:\/\/accs.international\/index.php?rest_route=\/wp\/v2\/media\/19243"}],"wp:attachment":[{"href":"https:\/\/accs.international\/index.php?rest_route=%2Fwp%2Fv2%2Fmedia&parent=19251"}],"wp:term":[{"taxonomy":"category","embeddable":true,"href":"https:\/\/accs.international\/index.php?rest_route=%2Fwp%2Fv2%2Fcategories&post=19251"},{"taxonomy":"post_tag","embeddable":true,"href":"https:\/\/accs.international\/index.php?rest_route=%2Fwp%2Fv2%2Ftags&post=19251"}],"curies":[{"name":"wp","href":"https:\/\/api.w.org\/{rel}","templated":true}]}}