{"id":19262,"date":"2025-09-15T13:39:00","date_gmt":"2025-09-15T13:39:00","guid":{"rendered":"https:\/\/accs.international\/?p=19262"},"modified":"2025-09-19T13:56:29","modified_gmt":"2025-09-19T13:56:29","slug":"economie-le-fsa-et-leifo-signent-un-accord-pour-booster-le-developpement-de-lafrique","status":"publish","type":"post","link":"https:\/\/accs.international\/?p=19262","title":{"rendered":"Economie: Le FSA et l\u2019EIFO signent un accord pour booster le d\u00e9veloppement de l\u2019Afrique"},"content":{"rendered":"\t\t<div data-elementor-type=\"wp-post\" data-elementor-id=\"19262\" class=\"elementor elementor-19262\" data-elementor-post-type=\"post\">\n\t\t\t\t<div class=\"elementor-element elementor-element-92de435 e-flex e-con-boxed e-con e-parent\" data-id=\"92de435\" data-element_type=\"container\" data-e-type=\"container\">\n\t\t\t\t\t<div class=\"e-con-inner\">\n\t\t\t\t<div class=\"elementor-element elementor-element-badacb6 elementor-widget elementor-widget-text-editor\" data-id=\"badacb6\" data-element_type=\"widget\" data-e-type=\"widget\" data-widget_type=\"text-editor.default\">\n\t\t\t\t<div class=\"elementor-widget-container\">\n\t\t\t\t\t\t\t\t\t<p>Le Fonds de Solidarit\u00e9 Africain (FSA) repr\u00e9sent\u00e9 par son Directeur G\u00e9n\u00e9ral Abdourahmane Diallo et le Fonds Danois pour l\u2019Exportation et celui du Fonds Danois pour l\u2019Exportation et l\u2019Investissement (EIFO) Werner Grub, ont scell\u00e9 le lundi 15 septembre 2025 \u00e0 Lom\u00e9, un accord cadre historique et strat\u00e9gique dans le but de booster le d\u00e9veloppement durable en Afrique. \u00c0 travers ce cadre de coop\u00e9ration, les deux institutions nourrissent la vision de faciliter l\u2019identification, le d\u00e9veloppement et le financement de projets de d\u00e9veloppement durable \u00e0 fort impact dans les 23 Etats membres du FSA.<\/p>\n<p>La c\u00e9r\u00e9monie de signature des documents, a eu lieu en pr\u00e9sence de St\u00e9phane AKAYA Tchasso Kpowbie, Secr\u00e9taire G\u00e9n\u00e9ral du minist\u00e8re de l\u2019\u00c9conomie et des Finances, repr\u00e9sentant le Ministre Essow\u00e8 Georges Barcola.<br \/>Cet accord, priorise certains secteurs cruciaux pour l\u2019avenir du continent, tels que: les \u00e9nergies renouvelables, le d\u00e9veloppement des infrastructures durables, l\u2019agriculture r\u00e9siliente, la gestion de l\u2019eau, la sant\u00e9, les entreprises sociales. Des domaines qui sont au c\u0153ur des pr\u00e9occupations du gouvernement togolais.<\/p>\t\t\t\t\t\t\t\t<\/div>\n\t\t\t\t<\/div>\n\t\t\t\t\t<\/div>\n\t\t\t\t<\/div>\n\t\t<div class=\"elementor-element elementor-element-1533c58 e-flex e-con-boxed e-con e-parent\" data-id=\"1533c58\" data-element_type=\"container\" data-e-type=\"container\">\n\t\t\t\t\t<div class=\"e-con-inner\">\n\t\t\t\t<div class=\"elementor-element elementor-element-6018cdc elementor-position-left elementor-vertical-align-top elementor-widget elementor-widget-image-box\" data-id=\"6018cdc\" data-element_type=\"widget\" data-e-type=\"widget\" data-widget_type=\"image-box.default\">\n\t\t\t\t<div class=\"elementor-widget-container\">\n\t\t\t\t\t<div class=\"elementor-image-box-wrapper\"><figure class=\"elementor-image-box-img\"><img fetchpriority=\"high\" decoding=\"async\" data-attachment-id=\"19264\" data-permalink=\"https:\/\/accs.international\/?attachment_id=19264\" data-orig-file=\"https:\/\/accs.international\/wp-content\/uploads\/2025\/09\/IMG_20250915_112915_008-1-300x225-1.jpg\" data-orig-size=\"300,225\" data-comments-opened=\"1\" data-image-meta=\"{&quot;aperture&quot;:&quot;1.75&quot;,&quot;credit&quot;:&quot;&quot;,&quot;camera&quot;:&quot;Infinix X672&quot;,&quot;caption&quot;:&quot;&quot;,&quot;created_timestamp&quot;:&quot;1757935754&quot;,&quot;copyright&quot;:&quot;&quot;,&quot;focal_length&quot;:&quot;5.249&quot;,&quot;iso&quot;:&quot;624&quot;,&quot;shutter_speed&quot;:&quot;0.040006&quot;,&quot;title&quot;:&quot;&quot;,&quot;orientation&quot;:&quot;1&quot;}\" data-image-title=\"IMG_20250915_112915_008-1-300&amp;#215;225\" data-image-description=\"\" data-image-caption=\"\" data-large-file=\"https:\/\/accs.international\/wp-content\/uploads\/2025\/09\/IMG_20250915_112915_008-1-300x225-1.jpg\" width=\"300\" height=\"225\" src=\"https:\/\/accs.international\/wp-content\/uploads\/2025\/09\/IMG_20250915_112915_008-1-300x225-1.jpg\" class=\"attachment-full size-full wp-image-19264\" alt=\"\" data-attachment-id=\"19264\" data-permalink=\"https:\/\/accs.international\/?attachment_id=19264\" data-orig-file=\"https:\/\/accs.international\/wp-content\/uploads\/2025\/09\/IMG_20250915_112915_008-1-300x225-1.jpg\" data-orig-size=\"300,225\" data-comments-opened=\"1\" data-image-meta=\"{&quot;aperture&quot;:&quot;1.75&quot;,&quot;credit&quot;:&quot;&quot;,&quot;camera&quot;:&quot;Infinix X672&quot;,&quot;caption&quot;:&quot;&quot;,&quot;created_timestamp&quot;:&quot;1757935754&quot;,&quot;copyright&quot;:&quot;&quot;,&quot;focal_length&quot;:&quot;5.249&quot;,&quot;iso&quot;:&quot;624&quot;,&quot;shutter_speed&quot;:&quot;0.040006&quot;,&quot;title&quot;:&quot;&quot;,&quot;orientation&quot;:&quot;1&quot;}\" data-image-title=\"IMG_20250915_112915_008-1-300&amp;#215;225\" data-image-description=\"\" data-image-caption=\"\" data-large-file=\"https:\/\/accs.international\/wp-content\/uploads\/2025\/09\/IMG_20250915_112915_008-1-300x225-1.jpg\" \/><\/figure><div class=\"elementor-image-box-content\"><p class=\"elementor-image-box-description\">Le FSA, institution financi\u00e8re multilat\u00e9rale de premier plan not\u00e9e AAA (GCR) et Baal (Moody\u2019s), mettra \u00e0 profit son ancrage r\u00e9gional, son expertise des \u00e9cosyst\u00e8mes africains et son puissant r\u00e9seau pour identifier et promouvoir des projets viables align\u00e9s sur les priorit\u00e9s des pays membres. \n\nL\u2019EIFO, en tant qu\u2019agence de cr\u00e9dit \u00e0 l\u2019exportation et institution financi\u00e8re soutenue par le gouvernement danois, mobilisera l\u2019expertise technique et les solutions financi\u00e8res innovantes des entreprises danoises, reconnues mondialement pour leur excellence dans les technologies vertes, et pourra proposer des m\u00e9canismes de financement.<\/p><\/div><\/div>\t\t\t\t<\/div>\n\t\t\t\t<\/div>\n\t\t\t\t\t<\/div>\n\t\t\t\t<\/div>\n\t\t<div class=\"elementor-element elementor-element-b327bed e-flex e-con-boxed e-con e-parent\" data-id=\"b327bed\" data-element_type=\"container\" data-e-type=\"container\">\n\t\t\t\t\t<div class=\"e-con-inner\">\n\t\t\t\t<div class=\"elementor-element elementor-element-669a960 elementor-widget elementor-widget-text-editor\" data-id=\"669a960\" data-element_type=\"widget\" data-e-type=\"widget\" data-widget_type=\"text-editor.default\">\n\t\t\t\t<div class=\"elementor-widget-container\">\n\t\t\t\t\t\t\t\t\t<p>St\u00e9phane Akaya Tchasso Kpowbie repr\u00e9sentant le ministre de l\u2019\u00e9conomie et des finances, a lors de cette c\u00e9r\u00e9monie salu\u00e9 les performances remarquables et la solidit\u00e9 financi\u00e8re du FSA. Il a soulign\u00e9 par la suite que ce partenariat strat\u00e9gique repr\u00e9sente une opportunit\u00e9 formidable pour les \u00c9tats membres et constitue une \u00e9tape cruciale dans la qu\u00eate collective d\u2019investissements durables et innovants.<\/p>\n<p>Pour le Directeur G\u00e9n\u00e9ral de FSA, Abdourahmane Diallo, ce partenariat avec l\u2019EIFO marque selon lui, un tournant important, qui permettra de diversifier les instruments financiers et d\u2019offrir aux \u00c9tats membres un acc\u00e8s facile \u00e0 des technologies et des financements de pointe.<\/p>\n<p>Par contre Werner Grub a fait comprendre de son c\u00f4t\u00e9 que le Fonds Danois pour l\u2019Exportation et l\u2019Investissement (EIFO) est tr\u00e8s content pour ce partenaire dont la cr\u00e9dibilit\u00e9 et la connaissance du terrain sont incontestables. Aussi il a dans son explication fait savoir que cet accord cadre parfaitement avec la mission de l\u2019EIFO qui celle de soutenir la transition verte tout en permettant aux entreprises danoises de contribuer au d\u00e9veloppement durable de l\u2019Afrique.<\/p>\n<p>Notons que cet accord pr\u00e9voit plusieurs modalit\u00e9s de collaboration, notamment \u00e0 savoir: la promotion des entreprises danoises pour la mise en \u0153uvre de projets dans les \u00c9tats membres du FSA; l\u2019identification conjointe de projets \u00e9ligibles; le financement direct avec le soutien de garanties du FSA; la contre-garantie de l\u2019EIFO pour couvrir une partie du risque du FSA.<\/p>\n<p>Dansl\u2019int\u00e8r\u00eat de pouvoir concr\u00e9tiser rapidement des op\u00e9rations embl\u00e9matiques qui d\u00e9montreront l\u2019efficacit\u00e9 de cette nouvelle alliance au service du d\u00e9veloppement de l\u2019Afrique, les \u00e9quipes techniques des deux institutions entameront imm\u00e9diatement le processus d\u2019identification et d\u2019\u00e9valuation des premiers projets pilotes.<\/p>\t\t\t\t\t\t\t\t<\/div>\n\t\t\t\t<\/div>\n\t\t\t\t\t<\/div>\n\t\t\t\t<\/div>\n\t\t\t\t<\/div>\n\t\t","protected":false},"excerpt":{"rendered":"<p>Le Fonds de Solidarit\u00e9 Africain (FSA) repr\u00e9sent\u00e9 par son Directeur G\u00e9n\u00e9ral Abdourahmane Diallo et le Fonds Danois pour l\u2019Exportation et celui du Fonds Danois pour l\u2019Exportation et l\u2019Investissement (EIFO) Werner Grub, ont scell\u00e9 le lundi 15 septembre 2025 \u00e0 Lom\u00e9, un accord cadre historique et strat\u00e9gique dans le but de booster le d\u00e9veloppement durable en&#8230;<\/p>\n","protected":false},"author":3,"featured_media":19247,"comment_status":"open","ping_status":"open","sticky":false,"template":"","format":"standard","meta":{"inline_featured_image":false,"_jetpack_memberships_contains_paid_content":false,"footnotes":""},"categories":[20,22,16],"tags":[],"class_list":["post-19262","post","type-post","status-publish","format-standard","has-post-thumbnail","hentry","category-financial","category-industrial","category-partnership"],"jetpack_featured_media_url":"https:\/\/accs.international\/wp-content\/uploads\/2025\/09\/WhatsApp-Image-2025-09-16-at-15.39.42_1067179d.jpg","jetpack_sharing_enabled":true,"_links":{"self":[{"href":"https:\/\/accs.international\/index.php?rest_route=\/wp\/v2\/posts\/19262","targetHints":{"allow":["GET"]}}],"collection":[{"href":"https:\/\/accs.international\/index.php?rest_route=\/wp\/v2\/posts"}],"about":[{"href":"https:\/\/accs.international\/index.php?rest_route=\/wp\/v2\/types\/post"}],"author":[{"embeddable":true,"href":"https:\/\/accs.international\/index.php?rest_route=\/wp\/v2\/users\/3"}],"replies":[{"embeddable":true,"href":"https:\/\/accs.international\/index.php?rest_route=%2Fwp%2Fv2%2Fcomments&post=19262"}],"version-history":[{"count":7,"href":"https:\/\/accs.international\/index.php?rest_route=\/wp\/v2\/posts\/19262\/revisions"}],"predecessor-version":[{"id":19324,"href":"https:\/\/accs.international\/index.php?rest_route=\/wp\/v2\/posts\/19262\/revisions\/19324"}],"wp:featuredmedia":[{"embeddable":true,"href":"https:\/\/accs.international\/index.php?rest_route=\/wp\/v2\/media\/19247"}],"wp:attachment":[{"href":"https:\/\/accs.international\/index.php?rest_route=%2Fwp%2Fv2%2Fmedia&parent=19262"}],"wp:term":[{"taxonomy":"category","embeddable":true,"href":"https:\/\/accs.international\/index.php?rest_route=%2Fwp%2Fv2%2Fcategories&post=19262"},{"taxonomy":"post_tag","embeddable":true,"href":"https:\/\/accs.international\/index.php?rest_route=%2Fwp%2Fv2%2Ftags&post=19262"}],"curies":[{"name":"wp","href":"https:\/\/api.w.org\/{rel}","templated":true}]}}