{"id":19268,"date":"2025-09-15T14:03:00","date_gmt":"2025-09-15T14:03:00","guid":{"rendered":"https:\/\/accs.international\/?p=19268"},"modified":"2025-09-19T13:57:30","modified_gmt":"2025-09-19T13:57:30","slug":"le-fsa-et-eifo-se-mettent-ensemble-pour-booster-le-developpement-durable-en-afrique","status":"publish","type":"post","link":"https:\/\/accs.international\/?p=19268","title":{"rendered":"Le FSA et EIFO se mettent ensemble pour booster le d\u00e9veloppement durable en Afrique"},"content":{"rendered":"\t\t<div data-elementor-type=\"wp-post\" data-elementor-id=\"19268\" class=\"elementor elementor-19268\" data-elementor-post-type=\"post\">\n\t\t\t\t<div class=\"vgblk-rw-wrapper limit-wrapper\"><div class=\"elementor-element elementor-element-43fdd6a6 e-flex e-con-boxed e-con e-parent\" data-id=\"43fdd6a6\" data-element_type=\"container\" data-e-type=\"container\">\n\t\t\t\t\t<div class=\"e-con-inner\">\n\t\t\t\t<div class=\"elementor-element elementor-element-46a97307 elementor-widget elementor-widget-text-editor\" data-id=\"46a97307\" data-element_type=\"widget\" data-e-type=\"widget\" data-widget_type=\"text-editor.default\">\n\t\t\t\t<div class=\"elementor-widget-container\">\n\t\t\t\t\t\t\t\t\t\t\t\t\t\t\t\t\t<\/div>\n\t\t\t\t<\/div>\n\t\t\t\t\t<\/div>\n\t\t\t\t<\/div>\n\t\t<div class=\"elementor-element elementor-element-c7be3ee e-flex e-con-boxed e-con e-parent\" data-id=\"c7be3ee\" data-element_type=\"container\" data-e-type=\"container\">\n\t\t\t\t\t<div class=\"e-con-inner\">\n\t\t\t\t<div class=\"elementor-element elementor-element-58762d4 elementor-widget elementor-widget-text-editor\" data-id=\"58762d4\" data-element_type=\"widget\" data-e-type=\"widget\" data-widget_type=\"text-editor.default\">\n\t\t\t\t<div class=\"elementor-widget-container\">\n\t\t\t\t\t\t\t\t\t<p><strong>Lom\u00e9, la capitale togolaise a servi de cadre ce 15 septembre 2025 \u00e0 la signature historique d\u2019 un accord strat\u00e9gique entre le Fonds de Solidarit\u00e9 Africain (FSA) et le Fonds Danois pour l\u2019Exportation et l\u2019 Investissement (EIFO).<\/strong><\/p>\n<p>Cet accord qui scelle un partenariat ambitieux vise \u00e0 mobiliser des financements et des expertises compl\u00e9mentaires pour soutenir des projets de d\u00e9veloppement durable \u00e0 fort impact dans les 23 Etats membres du FSA.<\/p>\n<p><strong>Une alliance au service de la croissance et de la transition \u00e9cologique en Afrique<\/strong><\/p>\n<p>Ce protocole d\u2019 accord \u00e9tablit un cadre de coop\u00e9ration privil\u00e9gi\u00e9 entre les deux institutions. Il a pour objectif principal de faciliter l\u2019identification, le d\u00e9veloppement et le financement de projets dans des secteurs prioritaires cruciaux pour l\u2019avenir du continent, tels que les \u00e9nergies renouvelables, le d\u00e9veloppement des infrastructures durables, l\u2019 agriculture r\u00e9siliente, la gestion de l\u2019 eau, la sant\u00e9, les entreprises sociales.<\/p>\n<p>Ainsi, le FSA, institution financi\u00e8re multilat\u00e9rale de premier plan not\u00e9e AAA (GCR) et Baa1 (Moody\u2019s), mettra \u00e0 profit son ancrage r\u00e9gional, son expertise des \u00e9cosyst\u00e8mes africains et son puissant r\u00e9seau pour identifier et promouvoir des projets viables align\u00e9s sur les priorit\u00e9s des pays membres.<\/p>\n<p>L\u2019 EIFO, en tant qu\u2019 agence de cr\u00e9dit \u00e0 l\u2019 exportation et institution financi\u00e8re soutenue par le gouvernement danois, mobilisera l\u2019 expertise technique et les solutions financi\u00e8res innovantes des entreprises danoises, reconnues mondialement pour leur excellence dans les technologies vertes, \u2013 et pourra proposer des m\u00e9canismes de financement. Il faut pr\u00e9ciser que l\u2019 accord pr\u00e9voit \u00e9galement plusieurs modalit\u00e9s de collaboration pour maximiser l\u2019impact, notamment la promotion des entreprises danoises pour la mise en \u0153uvre de projets dans les \u00c9tats membres du FSA, l\u2019 identification conjointe de projets \u00e9ligibles, le financement direct avec le soutien de garanties du FSA et la contre-garantie de l\u2019EIFO pour couvrir une partie du risque du FSA, facilitant de ce fait l\u2019 engagement des banques partenaires.<\/p>\n<p>F\u00e9licitant le directeur g\u00e9n\u00e9ral du FSA, Abdourahmane Diallo pour son \u00ab\u00a0leadership visionnaire et son engagement ind\u00e9fectible pour le financement du d\u00e9veloppement en Afrique\u00a0\u00bb, qui, de son avis ont \u00e9t\u00e9 d\u00e9terminants dans la concr\u00e9tisation de cet accord, le secr\u00e9taire g\u00e9n\u00e9ral du minist\u00e8re de l\u2019 Economie et des finances du Togo a salu\u00e9 au nom de son ministre les performances remarquables et la solidit\u00e9 financi\u00e8re du FSA ; soulignant que ce partenariat strat\u00e9gique \u00ab\u00a0repr\u00e9sente une opportunit\u00e9 formidable pour l\u2019ensemble des Etats membres\u00a0\u00bb et \u00ab\u00a0constitue une \u00e9tape cruciale dans notre qu\u00eate collective d\u2019investissements durables et innovants\u00a0\u00bb.<\/p>\n<p>\u00ab\u00a0Nous sommes fiers de nous associer au FSA, un partenaire dont la cr\u00e9dibilit\u00e9 et la connaissance du terrain sont incontestables. Cet accord cadre parfaitement avec notre mission de soutenir la transition verte tout en permettant aux entreprises danoises de contribuer de mani\u00e8re significative au d\u00e9veloppement durable de l\u2019 Afrique\u00a0\u00bb, a indiqu\u00e9 pour sa part Werner Grub, directeur g\u00e9n\u00e9ral de l\u2019 EIFO.<\/p>\n<p>Institution financi\u00e8re multilat\u00e9rale bas\u00e9e \u00e0 Niamey au Niger, le FSA a pour objectif de soutenir le d\u00e9veloppement \u00e9conomique et le progr\u00e8s social de ses 23 Etats membres africains.<\/p>\t\t\t\t\t\t\t\t<\/div>\n\t\t\t\t<\/div>\n\t\t\t\t\t<\/div>\n\t\t\t\t<\/div>\n\t\t<\/div><!-- .vgblk-rw-wrapper -->\t\t<\/div>\n\t\t","protected":false},"excerpt":{"rendered":"<p>Lom\u00e9, la capitale togolaise a servi de cadre ce 15 septembre 2025 \u00e0 la signature historique d\u2019 un accord strat\u00e9gique entre le Fonds de Solidarit\u00e9 Africain (FSA) et le Fonds Danois pour l\u2019Exportation et l\u2019 Investissement (EIFO). Cet accord qui scelle un partenariat ambitieux vise \u00e0 mobiliser des financements et des expertises compl\u00e9mentaires pour soutenir&#8230;<\/p>\n","protected":false},"author":3,"featured_media":19242,"comment_status":"open","ping_status":"open","sticky":false,"template":"","format":"standard","meta":{"inline_featured_image":false,"_jetpack_memberships_contains_paid_content":false,"footnotes":""},"categories":[20,22,16],"tags":[],"class_list":["post-19268","post","type-post","status-publish","format-standard","has-post-thumbnail","hentry","category-financial","category-industrial","category-partnership"],"jetpack_featured_media_url":"https:\/\/accs.international\/wp-content\/uploads\/2025\/09\/WhatsApp-Image-2025-09-16-at-15.39.40_17fb72e7.jpg","jetpack_sharing_enabled":true,"_links":{"self":[{"href":"https:\/\/accs.international\/index.php?rest_route=\/wp\/v2\/posts\/19268","targetHints":{"allow":["GET"]}}],"collection":[{"href":"https:\/\/accs.international\/index.php?rest_route=\/wp\/v2\/posts"}],"about":[{"href":"https:\/\/accs.international\/index.php?rest_route=\/wp\/v2\/types\/post"}],"author":[{"embeddable":true,"href":"https:\/\/accs.international\/index.php?rest_route=\/wp\/v2\/users\/3"}],"replies":[{"embeddable":true,"href":"https:\/\/accs.international\/index.php?rest_route=%2Fwp%2Fv2%2Fcomments&post=19268"}],"version-history":[{"count":16,"href":"https:\/\/accs.international\/index.php?rest_route=\/wp\/v2\/posts\/19268\/revisions"}],"predecessor-version":[{"id":19327,"href":"https:\/\/accs.international\/index.php?rest_route=\/wp\/v2\/posts\/19268\/revisions\/19327"}],"wp:featuredmedia":[{"embeddable":true,"href":"https:\/\/accs.international\/index.php?rest_route=\/wp\/v2\/media\/19242"}],"wp:attachment":[{"href":"https:\/\/accs.international\/index.php?rest_route=%2Fwp%2Fv2%2Fmedia&parent=19268"}],"wp:term":[{"taxonomy":"category","embeddable":true,"href":"https:\/\/accs.international\/index.php?rest_route=%2Fwp%2Fv2%2Fcategories&post=19268"},{"taxonomy":"post_tag","embeddable":true,"href":"https:\/\/accs.international\/index.php?rest_route=%2Fwp%2Fv2%2Ftags&post=19268"}],"curies":[{"name":"wp","href":"https:\/\/api.w.org\/{rel}","templated":true}]}}